{"id":900,"date":"2023-08-30T10:03:22","date_gmt":"2023-08-30T08:03:22","guid":{"rendered":"https:\/\/klaudy.cz\/?p=900"},"modified":"2023-08-30T10:21:01","modified_gmt":"2023-08-30T08:21:01","slug":"charitativni-vstupenka","status":"publish","type":"post","link":"https:\/\/klaudy.cz\/de\/2023\/08\/30\/charitativni-vstupenka\/","title":{"rendered":"Charity Ticket"},"content":{"rendered":"<p style=\"font-weight: 400;\">Heute m\u00f6chte ich ein Thema aus einem etwas anderen Bereich als Steuern, Recht und Treuhandverwaltung vorstellen.<\/p>\n<p style=\"font-weight: 400;\">Im Herbst vor 2 Jahren sa\u00df ich beim Er\u00f6ffnungskonzert von Dvo\u0159\u00e1ks Prag. Es ist nicht so wichtig, aber die italienische Filarmonica della Scala spielte und das Konzert war erstaunlich. Irgendwann kam mir der Gedanke, da die Eintrittskarten sicher nicht die billigsten waren, dass es Menschen unter uns geben muss, die ein solches Musikerlebnis wirklich zu sch\u00e4tzen w\u00fcssten, es aber aus finanziellen Gr\u00fcnden f\u00fcr sie unerreichbar ist. Und da ich gerade das ausgezeichnete Buch Creative Confidence von Tom und David Kelley gelesen hatte, beschloss ich, die Idee nicht auf sich beruhen zu lassen, und wandte mich gleich am n\u00e4chsten Tag an die Festivalorganisatoren mit einem Miniprojektvorschlag, den ich f\u00fcr mich selbst das Charity Ticket nannte. Ich schrieb, dass ich gerne bereit w\u00e4re, das Projekt zu sponsern, aber nicht w\u00fcsste, wie ich geeignete Empf\u00e4nger f\u00fcr die Tickets finden k\u00f6nnte. Schon am n\u00e4chsten Tag erhielt ich eine Nachricht zur\u00fcck, dass sich die Organisatoren des Festivals gerne mit mir nach dem derzeitigen Jahrgang des Festivals treffen w\u00fcrden, um das Thema zu besprechen und gemeinsam zu versuchen, das Projekt in die Tat umzusetzen. Dies geschah und Benefiz-Tickets hatten ihre Premiere bei Dvo\u0159\u00e1ks Prag 2022.<\/p>\n<p style=\"font-weight: 400;\">Bewunderung und Dank geb\u00fchren Frau Mona Janovsk\u00e1 und Herrn Jan Simon aus drei Gr\u00fcnden: Erstens, weil sie und ihre wenigen Mitarbeiter jedes Jahr Dvo\u0159\u00e1ks Prag mit einem wunderbaren Programm und hervorragenden Interpreten organisieren. Weil sie trotz der Arbeitsbelastung, die mit der Organisation eines so spektakul\u00e4ren Ereignisses verbunden ist, den Wunsch, die Energie, die Zeit und den Raum gefunden haben, mir bei der Verwirklichung meiner Idee zu helfen, oder vielleicht besser gesagt, sie haben sie \u00fcbernommen und in die Tat umgesetzt. Und schlie\u00dflich wegen der Art und Weise, wie sie an die Verteilung der Eintrittskarten herangegangen sind. Denn sie schlossen sich mit dem Jan-Deyl-Konservatorium und der Oberschule f\u00fcr sehbehinderte Jugendliche sowie mit Asistence, einer Organisation, die Rollstuhlfahrern hilft, zusammen. Diese Organisationen w\u00e4hlten mit ihrem Wissen aus der Praxis bestimmte Konzertbesucher aus und k\u00fcmmerten sich um den Transport und alles, was mit der Teilnahme der Kunden an den Konzerten zusammenhing. Ich denke, die gew\u00e4hlte Methode, die Karten dorthin zu bringen, wo sie hingeh\u00f6ren, wo sie Menschen gl\u00fccklich machen und helfen, ist kreativ und einfach zugleich. Die Karten werden von denjenigen verteilt, die t\u00e4glich mit den benachteiligten Menschen arbeiten, auf die unsere Idee abzielte.<\/p>\n<p style=\"font-weight: 400;\">Aber warum schreibe ich das alles? Sicherlich nicht, um zu prahlen. Wenn es nur um mich ginge, w\u00fcrde ich mich lieber an das Evangelium halten: \"Wenn du Gutes tust, soll deine linke Hand nicht wissen, was deine rechte tut\".... (Mt. 6:3). Es geht auch nicht um Marketing. Die Dienstleistungen, die ich anbiete, lassen sich nicht wirklich durch Werbung verkaufen, es geht vielmehr darum, sich langfristig einen Namen zu machen und Empfehlungen auszusprechen.<\/p>\n<p style=\"font-weight: 400;\">Ich schreibe diesen Beitrag freiwillig in der Hoffnung, dass sich mir jemand anschlie\u00dft oder die Idee kopiert und sie f\u00fcr sein Lieblingsst\u00fcck aus Kultur\/Sport\/was auch immer verwendet. Oder vielleicht f\u00e4llt Ihnen ein anderes Projekt ein, das helfen k\u00f6nnte. Sie werden mit einem wunderbaren Gef\u00fchl und Freude belohnt, und... Gro\u00dfz\u00fcgigkeit und Freundlichkeit sind letztlich das einzig wahre Ma\u00df f\u00fcr Erfolg.<\/p>","protected":false},"excerpt":{"rendered":"<p>Cht\u011bl bych se dnes pod\u011blit o t\u00e9ma z\u00a0trochu jin\u00e9 oblasti, ne\u017e jsou dan\u011b, pr\u00e1vo a spr\u00e1va sv\u011b\u0159en\u00e9ho majetku. Na podzim p\u0159ed 2 lety jsem sed\u011bl na zahajovac\u00edm koncert\u011b Dvo\u0159\u00e1kovy Prahy. Nen\u00ed to a\u017e tak podstatn\u00e9, ale hr\u00e1la italsk\u00e1 Filarmonica della Scala a koncert byl \u00fa\u017easn\u00fd. V\u00a0jednu chv\u00edli m\u011b napadlo, proto\u017ee vstupenky rozhodn\u011b nebyly nejlevn\u011bj\u0161\u00ed, \u017ee [&hellip;]<\/p>","protected":false},"author":4,"featured_media":902,"comment_status":"closed","ping_status":"open","sticky":false,"template":"","format":"standard","meta":{"footnotes":""},"categories":[1],"tags":[],"acf":[],"_links":{"self":[{"href":"https:\/\/klaudy.cz\/de\/wp-json\/wp\/v2\/posts\/900"}],"collection":[{"href":"https:\/\/klaudy.cz\/de\/wp-json\/wp\/v2\/posts"}],"about":[{"href":"https:\/\/klaudy.cz\/de\/wp-json\/wp\/v2\/types\/post"}],"author":[{"embeddable":true,"href":"https:\/\/klaudy.cz\/de\/wp-json\/wp\/v2\/users\/4"}],"replies":[{"embeddable":true,"href":"https:\/\/klaudy.cz\/de\/wp-json\/wp\/v2\/comments?post=900"}],"version-history":[{"count":1,"href":"https:\/\/klaudy.cz\/de\/wp-json\/wp\/v2\/posts\/900\/revisions"}],"predecessor-version":[{"id":901,"href":"https:\/\/klaudy.cz\/de\/wp-json\/wp\/v2\/posts\/900\/revisions\/901"}],"wp:featuredmedia":[{"embeddable":true,"href":"https:\/\/klaudy.cz\/de\/wp-json\/wp\/v2\/media\/902"}],"wp:attachment":[{"href":"https:\/\/klaudy.cz\/de\/wp-json\/wp\/v2\/media?parent=900"}],"wp:term":[{"taxonomy":"category","embeddable":true,"href":"https:\/\/klaudy.cz\/de\/wp-json\/wp\/v2\/categories?post=900"},{"taxonomy":"post_tag","embeddable":true,"href":"https:\/\/klaudy.cz\/de\/wp-json\/wp\/v2\/tags?post=900"}],"curies":[{"name":"wp","href":"https:\/\/api.w.org\/{rel}","templated":true}]}}