{"id":900,"date":"2023-08-30T10:03:22","date_gmt":"2023-08-30T08:03:22","guid":{"rendered":"https:\/\/klaudy.cz\/?p=900"},"modified":"2023-08-30T10:21:01","modified_gmt":"2023-08-30T08:21:01","slug":"charitativni-vstupenka","status":"publish","type":"post","link":"https:\/\/klaudy.cz\/en\/2023\/08\/30\/charitativni-vstupenka\/","title":{"rendered":"Charity Ticket"},"content":{"rendered":"<p style=\"font-weight: 400;\">Today I want to share a topic from a slightly different field than taxes, law and asset management.<\/p>\n<p style=\"font-weight: 400;\">Two years ago in the autumn I was sitting at the opening concert of the Dvo\u0159\u00e1k Prague festival. It is perhaps not essential, but the performance was by the Italian Filarmonica della Scala and the concert was wonderful. Reflecting on the fact that the tickets were not exactly the cheapest, it suddenly dawned on me that there were most definitely people who would genuinely appreciate a musical experience like that yet for financial reasons would find it unattainable. And as I had been freshly briefed by the excellent book Creative Confidence by Tom and David Kelley, I decided not to let the idea just fade away as it had arrived, and right the next day contacted the festival organisers with a proposal for a mini project that I called Charity Ticket. I wrote to them that I would be happy to financially support the project but that I did not know how to go about finding suitable recipients. I received a message back the very next day saying that, after the end of the current season, the festival organisers would be happy to meet me and that we could try to implement the project together. This is actually what happened, and the Tickets That Help had their own premiere at Dvo\u0159\u00e1k Prague 2022.<\/p>\n<p style=\"font-weight: 400;\">Mrs Mona Janovsk\u00e1 and Mr Jan Simon deserve our admiration and thanks for at least three reasons. Firstly, because with only a small number of collaborators they hold Dvo\u0159\u00e1k Prague every year with a fantastic programme and excellent performers. Secondly, in spite of the resulting workload from organising such a magnificent event, they still found the desire, energy, time and space to help me put my idea into practice or, perhaps more accurately, they took it over and implemented it themselves. And thirdly, for how they approached the distribution of the tickets, joining forces with the Jan Deyl Conservatory and Secondary School for visually impaired youth and the \u2018Asistence\u2019 organisation that helps wheelchair users. These two organisations used their expert knowledge to select specific recipients, arranging their transport and everything else related to the attendance of the clients at the concerts. I think that the method chosen for getting the tickets to where they were intended, where they would make someone happy and be of benefit, was both creative and simple. The tickets were distributed by people who work on a day-to-day basis with the disadvantaged people who were the target of our idea.<\/p>\n<p style=\"font-weight: 400;\">Back to why I am writing all this: definitely not just to brag. If it were up to me, I would rather stick to the Gospel\u2019s \u201cBut when you give to the needy, do not let your left hand know what your right hand is doing\u2026\u201c (Matthew 6:3). Nor is it about marketing. The services I provide cannot easily be sold through advertising \u2013 it is more about building up a name over the long term and through recommendations.<\/p>\n<p style=\"font-weight: 400;\">The reason why I am voluntarily adding to my workload by writing this post is the hope that somebody might want to join me or might copy the idea and use it for their own favourite culture\/sports\/whatever event. Or that you might think up a different project that could help somebody. Your reward would be an amazing feeling, joy and, in addition\u2026 Generosity and kindness are ultimately the only true criteria of success.<\/p>","protected":false},"excerpt":{"rendered":"<p>Cht\u011bl bych se dnes pod\u011blit o t\u00e9ma z\u00a0trochu jin\u00e9 oblasti, ne\u017e jsou dan\u011b, pr\u00e1vo a spr\u00e1va sv\u011b\u0159en\u00e9ho majetku. Na podzim p\u0159ed 2 lety jsem sed\u011bl na zahajovac\u00edm koncert\u011b Dvo\u0159\u00e1kovy Prahy. Nen\u00ed to a\u017e tak podstatn\u00e9, ale hr\u00e1la italsk\u00e1 Filarmonica della Scala a koncert byl \u00fa\u017easn\u00fd. V\u00a0jednu chv\u00edli m\u011b napadlo, proto\u017ee vstupenky rozhodn\u011b nebyly nejlevn\u011bj\u0161\u00ed, \u017ee [&hellip;]<\/p>","protected":false},"author":4,"featured_media":902,"comment_status":"closed","ping_status":"open","sticky":false,"template":"","format":"standard","meta":{"footnotes":""},"categories":[1],"tags":[],"acf":[],"_links":{"self":[{"href":"https:\/\/klaudy.cz\/en\/wp-json\/wp\/v2\/posts\/900"}],"collection":[{"href":"https:\/\/klaudy.cz\/en\/wp-json\/wp\/v2\/posts"}],"about":[{"href":"https:\/\/klaudy.cz\/en\/wp-json\/wp\/v2\/types\/post"}],"author":[{"embeddable":true,"href":"https:\/\/klaudy.cz\/en\/wp-json\/wp\/v2\/users\/4"}],"replies":[{"embeddable":true,"href":"https:\/\/klaudy.cz\/en\/wp-json\/wp\/v2\/comments?post=900"}],"version-history":[{"count":1,"href":"https:\/\/klaudy.cz\/en\/wp-json\/wp\/v2\/posts\/900\/revisions"}],"predecessor-version":[{"id":901,"href":"https:\/\/klaudy.cz\/en\/wp-json\/wp\/v2\/posts\/900\/revisions\/901"}],"wp:featuredmedia":[{"embeddable":true,"href":"https:\/\/klaudy.cz\/en\/wp-json\/wp\/v2\/media\/902"}],"wp:attachment":[{"href":"https:\/\/klaudy.cz\/en\/wp-json\/wp\/v2\/media?parent=900"}],"wp:term":[{"taxonomy":"category","embeddable":true,"href":"https:\/\/klaudy.cz\/en\/wp-json\/wp\/v2\/categories?post=900"},{"taxonomy":"post_tag","embeddable":true,"href":"https:\/\/klaudy.cz\/en\/wp-json\/wp\/v2\/tags?post=900"}],"curies":[{"name":"wp","href":"https:\/\/api.w.org\/{rel}","templated":true}]}}